{"id":3744,"date":"2014-05-23T05:59:48","date_gmt":"2014-05-23T05:59:48","guid":{"rendered":"http:\/\/gaia-essen.de\/?p=3744"},"modified":"2014-05-23T05:59:48","modified_gmt":"2014-05-23T05:59:48","slug":"kulturgerechtigkeit-fur-die-individualitat-das-grundgesetz-heiligen","status":"publish","type":"post","link":"https:\/\/orexis.io\/clone_gaia-essen15-11-20\/kulturgerechtigkeit-fur-die-individualitat-das-grundgesetz-heiligen\/","title":{"rendered":"Kulturgerechtigkeit f\u00fcr die Individualit\u00e4t! Das Grundgesetz heiligen!"},"content":{"rendered":"<p>Die Kulturgerechtigkeit f\u00fcr die Individualit\u00e4t kann nur durch die apolitische Formation des transzendentalen Goethevolkes geschaffen werden. Das Volk der Mitte, dessen Ideal die &#8220;teutsche Michelina&#8221; oder der &#8220;teutsche Michel&#8221; ist. Das Volk der Pflicht, das Volk der Suche nach dem unbedingten Grund denkt ganzheitlich synthetisch, transzendental. Hier zeigt sich der uneingeschr\u00e4nkt gute Wille als geistliches Instrument der &#8220;permanenten Kulturrevolution&#8221;, der erkenntiskritischen Kunsttheorie, der anschauenden Urteilskraft als einer Entwicklung, die ihre eigene Kunstgeschichte immer wieder neu mit dem Urph\u00e4nomen in der Kunstpraxis abgleicht. Die Wiederherstellung der Kulturgerechtigkeit ist nur durch die Heiligung des Grundgesetzes m\u00f6glich, denn \u00fcber den zentralen Punkt der Achtung der Menschenw\u00fcrde kann jene erneut in Kraft gesetzt werden durch die Anstrengung der Entelechie. Der Putsch der Funktionselite in Deutschland vor 50 Jahren hat der Individualit\u00e4t ihr durch die \u00dcbergangsverfassung gesetzlich gesch\u00fctztes Verm\u00f6gen, die kulturelle Substanz souver\u00e4n zu vermehren, illegal entrissen und unter Naziverdacht gestellt. Die machtmi\u00dfbr\u00e4uchliche Enthauptung der authentischen Schaffenskraft, der moralischen Gutheit der Individualit\u00e4t und deren blasphemischer Einsatz f\u00fcr die kulturvandalistischen Projekte der Oligarchie stellen den gr\u00f6\u00dften Frevel dar, der nur mit den barbarischen Zerst\u00f6rungen und Vernichtungen von Menschenleben, deren wissenschaftliche Aufarbeitung von interessierter Seite verhindert wird, des ersten und zweiten Weltkrieges durch die westliche Wertegemeinschaft verglichen werden kann. Das Grundgesesetz der Sonderwirtschaftszone BRD ist der heilige Auftrag an alle Nachkommen dieses Ringens um die Deutungshoheit. Das Goethevolk ist die Verk\u00f6rperung des Ideals der reinen Pflicht zur Umsetzung des dort eingetragenen Hauptgedankens, der absoluten Menschenw\u00fcrde, die auf der absoluten Entwicklungsfreiheit der Individualit\u00e4t aufbaut. Die Kulturgerechtigkeit zeigt sich in der politischen Zur\u00fcckhaltung der jeweiligen Machthaber, damit die Pers\u00f6nlichkeit ihren absoluten Betrag zum Wohle des Ganzen leisten kann.<\/p>\n","protected":false},"excerpt":{"rendered":"<p>Die Kulturgerechtigkeit f\u00fcr die Individualit\u00e4t kann nur durch die apolitische Formation des transzendentalen Goethevolkes geschaffen werden. Das Volk der Mitte,&#8230;<\/p>\n","protected":false},"author":1,"featured_media":0,"comment_status":"closed","ping_status":"closed","sticky":false,"template":"","format":"standard","meta":{"footnotes":""},"categories":[1447,1449,111,1193,1451,761,1453,1455,411,1457,1459,1039,839,1462,1464,802,1466,1468,1471,1415,283,1475],"tags":[1448,1450,700,1194,1452,762,1454,1456,1198,1458,1460,1040,1461,1463,1465,1243,1467,1469,1470,1472,1414,1473,1474,1476],"class_list":["post-3744","post","type-post","status-publish","format-standard","hentry","category-achtung-der-menschenwurde","category-apolitisch","category-brd-regime","category-das-ganze","category-entwicklungsfreiheit","category-goethevolk","category-heiligung-des-grundgesetzes","category-ideal","category-individualitat","category-kulturgerechtigkeit","category-kunstgeschichte","category-kunstpraxis","category-kunsttheorie","category-naziverdacht","category-permanente-kulturrevolution","category-personlichkeit","category-pflicht","category-reinheit","category-teutscher-michel","category-transzendentaler-idealismus","category-ubergangsverfassung","category-unbedingter-grund","tag-achtung-der-menschenwurde","tag-apolitisch","tag-brd-regime","tag-das-ganze","tag-entwicklungsfreiheit","tag-goethevolk","tag-heiligung-des-grundgesetze","tag-ideal","tag-individualitat","tag-kulturgerechtigkeit","tag-kunstgeschichte","tag-kunstpraxis","tag-kunsttheorie","tag-naziverdacht","tag-permanente-kulturrevolution","tag-personlichkeit","tag-pflicht","tag-reinheit","tag-teutsche-michelina","tag-teutscher-michel","tag-transzendental","tag-transzendentaler-idealismus","tag-ubergangsverfassung","tag-unbedingter-grund"],"_links":{"self":[{"href":"https:\/\/orexis.io\/clone_gaia-essen15-11-20\/wp-json\/wp\/v2\/posts\/3744","targetHints":{"allow":["GET"]}}],"collection":[{"href":"https:\/\/orexis.io\/clone_gaia-essen15-11-20\/wp-json\/wp\/v2\/posts"}],"about":[{"href":"https:\/\/orexis.io\/clone_gaia-essen15-11-20\/wp-json\/wp\/v2\/types\/post"}],"author":[{"embeddable":true,"href":"https:\/\/orexis.io\/clone_gaia-essen15-11-20\/wp-json\/wp\/v2\/users\/1"}],"replies":[{"embeddable":true,"href":"https:\/\/orexis.io\/clone_gaia-essen15-11-20\/wp-json\/wp\/v2\/comments?post=3744"}],"version-history":[{"count":0,"href":"https:\/\/orexis.io\/clone_gaia-essen15-11-20\/wp-json\/wp\/v2\/posts\/3744\/revisions"}],"wp:attachment":[{"href":"https:\/\/orexis.io\/clone_gaia-essen15-11-20\/wp-json\/wp\/v2\/media?parent=3744"}],"wp:term":[{"taxonomy":"category","embeddable":true,"href":"https:\/\/orexis.io\/clone_gaia-essen15-11-20\/wp-json\/wp\/v2\/categories?post=3744"},{"taxonomy":"post_tag","embeddable":true,"href":"https:\/\/orexis.io\/clone_gaia-essen15-11-20\/wp-json\/wp\/v2\/tags?post=3744"}],"curies":[{"name":"wp","href":"https:\/\/api.w.org\/{rel}","templated":true}]}}