{"id":6796,"date":"2014-12-02T10:17:22","date_gmt":"2014-12-02T10:17:22","guid":{"rendered":"http:\/\/gaia-essen.de\/?p=6796"},"modified":"2014-12-02T10:17:22","modified_gmt":"2014-12-02T10:17:22","slug":"nazi-jargon-jetzt-sind-andersdenkende-aus-der-mittelschicht-schon-ratten","status":"publish","type":"post","link":"https:\/\/orexis.io\/clone_gaia-essen15-11-20\/nazi-jargon-jetzt-sind-andersdenkende-aus-der-mittelschicht-schon-ratten\/","title":{"rendered":"Nazi-Jargon: Jetzt sind Andersdenkende aus der Mittelschicht schon Ratten!"},"content":{"rendered":"<p>Der Innenminister Markus Ulbig (CDU) des Freistaates Sachsen hat laut der Tageszeitung &#8220;Die Welt&#8221; in ihrer Online-Ausgabe, 02\/12\/14, die Demonstranten in Dresden indirekt als Ratten bezeichnet. Der Wortf\u00fchrer der Andersdenkenden, Lutz Bachmann, sagt in Anspielung auf diese grundgesetzfeindliche \u00c4u\u00dferung aus dem Zentrum der plutonischen Machtinhaber-innen in dem Artikel: <em>&#8221; Die Ratten werden mehr, und sie werden lauter&#8221;.<\/em> Markus, wie konnte Dir nur der Begriff des Rattenf\u00e4ngers \u00fcber die Lippen kommen? Darf man in Deutschland nicht mehr wie im Dritten Reich unter dem Reichskanzler Hitler \u00f6ffentlich und friedlich die Meinung demonstrieren, die von der ver\u00f6ffentlichten abweicht? Du hast mit Deiner nicht mehr zu \u00fcberbietenden Arroganz dem BRD-Regime einen B\u00e4rendienst erwiesen. Seine Delegitimierung wird durch Deinen un\u00e4sthetischen Hochmut noch schneller erfolgen. Die G\u00f6ttin Artemis, die G\u00f6ttin der Form im Hier und Jetzt, die G\u00f6ttin der Kunst wird ohne Zweifel mit ihren Silberpfeilen in die eschatologische 1) Auseinandersetzung um das sch\u00f6pfungsgem\u00e4\u00dfe Menschenbild eingreifen, das Du mit Deiner Bildsprache blasphemisch beschmutzt hast.<br \/>\n_________________________<br \/>\n1) Die Eschatologie ist zum einen die Lehre von der passiven seelischen Befindlichkeit (Hoffnung) und zum anderen von der aktiven geistigen Erkenntnis (Prophetie) der Entelechie, dem individuellen, aber auch gemeinschaftlichen (Ekklesia) und ganzheitlichen (Universum) Entwicklungsziel (objektiv-idealistisch).<\/p>\n","protected":false},"excerpt":{"rendered":"<p>Der Innenminister Markus Ulbig (CDU) des Freistaates Sachsen hat laut der Tageszeitung &#8220;Die Welt&#8221; in ihrer Online-Ausgabe, 02\/12\/14, die Demonstranten&#8230;<\/p>\n","protected":false},"author":1,"featured_media":0,"comment_status":"closed","ping_status":"closed","sticky":false,"template":"","format":"standard","meta":{"footnotes":""},"categories":[1],"tags":[],"class_list":["post-6796","post","type-post","status-publish","format-standard","hentry","category-uncategorized"],"_links":{"self":[{"href":"https:\/\/orexis.io\/clone_gaia-essen15-11-20\/wp-json\/wp\/v2\/posts\/6796","targetHints":{"allow":["GET"]}}],"collection":[{"href":"https:\/\/orexis.io\/clone_gaia-essen15-11-20\/wp-json\/wp\/v2\/posts"}],"about":[{"href":"https:\/\/orexis.io\/clone_gaia-essen15-11-20\/wp-json\/wp\/v2\/types\/post"}],"author":[{"embeddable":true,"href":"https:\/\/orexis.io\/clone_gaia-essen15-11-20\/wp-json\/wp\/v2\/users\/1"}],"replies":[{"embeddable":true,"href":"https:\/\/orexis.io\/clone_gaia-essen15-11-20\/wp-json\/wp\/v2\/comments?post=6796"}],"version-history":[{"count":0,"href":"https:\/\/orexis.io\/clone_gaia-essen15-11-20\/wp-json\/wp\/v2\/posts\/6796\/revisions"}],"wp:attachment":[{"href":"https:\/\/orexis.io\/clone_gaia-essen15-11-20\/wp-json\/wp\/v2\/media?parent=6796"}],"wp:term":[{"taxonomy":"category","embeddable":true,"href":"https:\/\/orexis.io\/clone_gaia-essen15-11-20\/wp-json\/wp\/v2\/categories?post=6796"},{"taxonomy":"post_tag","embeddable":true,"href":"https:\/\/orexis.io\/clone_gaia-essen15-11-20\/wp-json\/wp\/v2\/tags?post=6796"}],"curies":[{"name":"wp","href":"https:\/\/api.w.org\/{rel}","templated":true}]}}