{"id":7470,"date":"2015-01-09T19:16:12","date_gmt":"2015-01-09T19:16:12","guid":{"rendered":"http:\/\/gaia-essen.de\/?p=7470"},"modified":"2015-01-09T19:16:12","modified_gmt":"2015-01-09T19:16:12","slug":"lugenpresse-halt-die-fresse-faz-im-denkverlies","status":"publish","type":"post","link":"https:\/\/orexis.io\/clone_gaia-essen15-11-20\/lugenpresse-halt-die-fresse-faz-im-denkverlies\/","title":{"rendered":"L\u00fcgenpresse halt die Fresse. FAZ im Denkverlies"},"content":{"rendered":"<p>Sie hat es wieder getan, die &#8216;L\u00fcgenpresse&#8217;. 1) Wieder hat ein Lohnschreiber f\u00fcr das BRD-Regime ungleiche Text- und Bilderzeugnissen (Charlie Hebdo und FAZ) gleichgeschaltet und \u00fcber diese nur behauptete, f\u00fcr sich zu Unrecht reklamierte freiheitsk\u00e4mpferische Attit\u00fcde der PEGIDA eine Affinit\u00e4t zu den Attent\u00e4tern unterstellt. Der Widerstand einer politischen Minderheit kann selbstverst\u00e4ndlich gegen das gleiche Objekt gerichtet sein, hier eine Zeitungsredaktion auf der ersten Deutungsebene 2). Daraus aber ableiten zu wollen, da\u00df verschiedene Revolten, ohne eine ikonographische Analyse 3) vorzulegen, auch dasselbe Ideal anstreben, ist wissenschaftlich eine Katastrophe. Herr Helmut Heinen, Ihr Artikel in der &#8220;Frankfurter Allgemeinen Zeitung&#8221; (FAZ) mit dem Titel &#8220;Aufruf der Zeitungsverleger. Wehren wir uns&#8221;, Ausgabe 09\/01\/15, in dem Sie dem indigenen Goethevolk \u00fcber Ihr rhetorisches Kunstst\u00fcck sagen wollen, da\u00df die PEGIDA die Pressefreiheit bedroht, obwohl sie diese doch entsprechend des Grundgesetzes (GG) einfordert, ist das Standardprodukt einer ideologisch angebunden Entit\u00e4t, die im Denkverlies ihr geistiges Augenlicht verloren hat. Die Gegner der Freiheit von Wissenschaft und Kunst greifen das Ha\u00dfobjekt in dem einen Fall aus offenbarungsreligi\u00f6sen Gr\u00fcnden aus der milit\u00e4risch schwachen Position an, w\u00e4hrend sie in dem anderen selbst Teil des Unterdr\u00fcckungsapparates sind und nur scheinbar das attische Ideal vertreten (FAZ). Dazu pa\u00dft auch die Aussage unseres vermeintlichen und strittigen Bundespr\u00e4sidenten der selbsternannten &#8216;Regierung&#8217; Joachim Gauck. Dieser unterst\u00fctzt verbal lauthals das Demonstrationsrecht, wie es das GG vorschreibt, f\u00fcr alle. Aber wenn jenes dann im politischen Alltag von der politischen Klasse selbst oder von deren Paramilizen einseitig au\u00dfer Kraft gesetzt wird, wo bleiben da seine integristisch wirksamen Einmischungen?<br \/>\n__________________________<br \/>\n1) Der Begriff der &#8216;L\u00fcgenpresse&#8217; wird hier nur auf die vermeintlich freie Presse unter der von der sogenannten westlichen Wertegemeinschaft nach dem zweiten ikonoklastischen Anschlag auf das indigene Goethevolk eingesetzten vorl\u00e4ufigen Kolonialregierung angewendet.<br \/>\n2) Das ist der prim\u00e4re Bereich, wo die Gegenst\u00e4nde und Ereignisse stilgeschichtlich in einer bestimmten Form auftreten<br \/>\n3) Das ist der sekund\u00e4re Bereich, wo die Themen und Vorstellungen an den Gegenst\u00e4nden und Ereignissen wahrgenommen werden k\u00f6nnen.<\/p>\n","protected":false},"excerpt":{"rendered":"<p>Sie hat es wieder getan, die &#8216;L\u00fcgenpresse&#8217;. 1) Wieder hat ein Lohnschreiber f\u00fcr das BRD-Regime ungleiche Text- und Bilderzeugnissen (Charlie&#8230;<\/p>\n","protected":false},"author":1,"featured_media":0,"comment_status":"closed","ping_status":"closed","sticky":false,"template":"","format":"standard","meta":{"footnotes":""},"categories":[1],"tags":[],"class_list":["post-7470","post","type-post","status-publish","format-standard","hentry","category-uncategorized"],"_links":{"self":[{"href":"https:\/\/orexis.io\/clone_gaia-essen15-11-20\/wp-json\/wp\/v2\/posts\/7470","targetHints":{"allow":["GET"]}}],"collection":[{"href":"https:\/\/orexis.io\/clone_gaia-essen15-11-20\/wp-json\/wp\/v2\/posts"}],"about":[{"href":"https:\/\/orexis.io\/clone_gaia-essen15-11-20\/wp-json\/wp\/v2\/types\/post"}],"author":[{"embeddable":true,"href":"https:\/\/orexis.io\/clone_gaia-essen15-11-20\/wp-json\/wp\/v2\/users\/1"}],"replies":[{"embeddable":true,"href":"https:\/\/orexis.io\/clone_gaia-essen15-11-20\/wp-json\/wp\/v2\/comments?post=7470"}],"version-history":[{"count":0,"href":"https:\/\/orexis.io\/clone_gaia-essen15-11-20\/wp-json\/wp\/v2\/posts\/7470\/revisions"}],"wp:attachment":[{"href":"https:\/\/orexis.io\/clone_gaia-essen15-11-20\/wp-json\/wp\/v2\/media?parent=7470"}],"wp:term":[{"taxonomy":"category","embeddable":true,"href":"https:\/\/orexis.io\/clone_gaia-essen15-11-20\/wp-json\/wp\/v2\/categories?post=7470"},{"taxonomy":"post_tag","embeddable":true,"href":"https:\/\/orexis.io\/clone_gaia-essen15-11-20\/wp-json\/wp\/v2\/tags?post=7470"}],"curies":[{"name":"wp","href":"https:\/\/api.w.org\/{rel}","templated":true}]}}