{"id":7504,"date":"2015-01-10T12:42:25","date_gmt":"2015-01-10T12:42:25","guid":{"rendered":"http:\/\/gaia-essen.de\/?p=7504"},"modified":"2015-01-10T12:42:25","modified_gmt":"2015-01-10T12:42:25","slug":"angela-merkel-dein-sicherheitsversprechen-ich-glaube-mein-schwein-pfeift","status":"publish","type":"post","link":"https:\/\/orexis.io\/clone_gaia-essen15-11-20\/angela-merkel-dein-sicherheitsversprechen-ich-glaube-mein-schwein-pfeift\/","title":{"rendered":"Angela Merkel, Dein Sicherheitsversprechen, ich glaube mein Schwein pfeift!"},"content":{"rendered":"<p>Die 1) selbsternannte Bundeskanzlerin Frau Angela Merkel (DDR) &#8220;versicherte&#8221; in der Tageszeitung &#8220;Die Welt&#8221;, Ausgabe 10\/01\/15, in dem Artikel unter Kategorie Politik mit dem Titel &#8220;Wir haben einen Plan f\u00fcr solche F\u00e4lle&#8221;, wo auch Thomas de Maiziere (DDR), der selbsternannte Innenminister der Sonderwirtschaftszone BRD, seine fehlende Kompetenz verbergen mu\u00dfte, indem er sich als neuer Karl Martell ins Gespr\u00e4ch brachte, die studierte Hausfrau aus dem Kartoffelland also versuchte in der sogenannten &#8220;freien Presse&#8221; &#8220;den Menschen&#8221; hier im Lande, nein, sie sagte sogar Deutschland, einzureden, da\u00df sie, gemeinsam mit Thomas und den anderen Mitgliedern der Oligarchie, uns &#8220;ein H\u00f6chstma\u00df an Sicherheit in diesen schwierigen Zeiten&#8221; zukommen lassen werde. Wie sch\u00f6n, dann brauchen wir uns keine Sorgen mehr zu machen, dann ist ja alles in Butter! Und die Werte werden da, wo man sie angreift, selbstverst\u00e4ndlich auch gesch\u00fctzt, so ihre Aussage in dem vermeintlich \u00fcberparteilichen Medium. Was sagt der Volksmund dazu? Jau, da kann man ein Ei dr\u00fcberschlagen. Aus dem Grundgesetz vorlesen, wer ist dazu nicht in der Lage? Die Tatsachen aber sprechen eine andere Sprache. Sehen wir uns bald vor dem Milit\u00e4rgericht wieder?<br \/>\n____________________________________<br \/>\n1) Sie befinden sich hier im sakralen (essayistischen, romantischen) Selbstrekrutierungsbereich von Neu-Weimar. Kommentare probeweise erw\u00fcnscht. Im Zuge der eingeleiteten Volxfront-Aktivit\u00e4t durch die verantwortliche poetologische Evidenz wird zur Erleicherung der Vernetzung diese Funktion vorl\u00e4ufig eingeschaltet. Fassen Sie sich bitte kurz. Achten Sie auf H\u00f6flichkeit, Sachlichkeit und Erkenntniskunst.<\/p>\n","protected":false},"excerpt":{"rendered":"<p>Die 1) selbsternannte Bundeskanzlerin Frau Angela Merkel (DDR) &#8220;versicherte&#8221; in der Tageszeitung &#8220;Die Welt&#8221;, Ausgabe 10\/01\/15, in dem Artikel unter&#8230;<\/p>\n","protected":false},"author":1,"featured_media":0,"comment_status":"open","ping_status":"closed","sticky":false,"template":"","format":"standard","meta":{"footnotes":""},"categories":[1],"tags":[],"class_list":["post-7504","post","type-post","status-publish","format-standard","hentry","category-uncategorized"],"_links":{"self":[{"href":"https:\/\/orexis.io\/clone_gaia-essen15-11-20\/wp-json\/wp\/v2\/posts\/7504","targetHints":{"allow":["GET"]}}],"collection":[{"href":"https:\/\/orexis.io\/clone_gaia-essen15-11-20\/wp-json\/wp\/v2\/posts"}],"about":[{"href":"https:\/\/orexis.io\/clone_gaia-essen15-11-20\/wp-json\/wp\/v2\/types\/post"}],"author":[{"embeddable":true,"href":"https:\/\/orexis.io\/clone_gaia-essen15-11-20\/wp-json\/wp\/v2\/users\/1"}],"replies":[{"embeddable":true,"href":"https:\/\/orexis.io\/clone_gaia-essen15-11-20\/wp-json\/wp\/v2\/comments?post=7504"}],"version-history":[{"count":0,"href":"https:\/\/orexis.io\/clone_gaia-essen15-11-20\/wp-json\/wp\/v2\/posts\/7504\/revisions"}],"wp:attachment":[{"href":"https:\/\/orexis.io\/clone_gaia-essen15-11-20\/wp-json\/wp\/v2\/media?parent=7504"}],"wp:term":[{"taxonomy":"category","embeddable":true,"href":"https:\/\/orexis.io\/clone_gaia-essen15-11-20\/wp-json\/wp\/v2\/categories?post=7504"},{"taxonomy":"post_tag","embeddable":true,"href":"https:\/\/orexis.io\/clone_gaia-essen15-11-20\/wp-json\/wp\/v2\/tags?post=7504"}],"curies":[{"name":"wp","href":"https:\/\/api.w.org\/{rel}","templated":true}]}}