{"id":7572,"date":"2015-01-15T17:29:40","date_gmt":"2015-01-15T17:29:40","guid":{"rendered":"http:\/\/gaia-essen.de\/?p=7572"},"modified":"2015-01-15T17:29:40","modified_gmt":"2015-01-15T17:29:40","slug":"wahnsinn-faz-kommentar-und-realitatssinn","status":"publish","type":"post","link":"https:\/\/orexis.io\/clone_gaia-essen15-11-20\/wahnsinn-faz-kommentar-und-realitatssinn\/","title":{"rendered":"Wahnsinn, FAZ-Kommentar und &#8220;Realit\u00e4tssinn&#8221;"},"content":{"rendered":"<p>Ihr 1) <em>&#8220;Realit\u00e4tssinn&#8221;<\/em> 2) ist doch Wahnsinn! Herr Jasper von Altenbockum, zuerst war ich sprachlos als ich Ihren Text in der FAZ, Ausgabe 15\/01\/15, unter dem Titel <em>&#8220;Studie \u00fcber PEGIDA. Verk\u00fcmmerter Realit\u00e4tssinn&#8221;<\/em> las. Machtdialektik pur. Die \u00dcberschrift strotzt vor Hochn\u00e4sigkeit. Diese Unart wird dann im n\u00e4chsten Satz (siehe unten) aber auf den politischen Gegner durch angewandte Rhetorik \u00fcbertragen, obwohl die Pr\u00e4missen nicht vorliegen. Dieser un\u00e4sthetische Antagonismus zerst\u00f6rt die Wohlfahrt jeder Kulturgemeinde. Die GAIA steht konsequent und absolut f\u00fcr die Meinungslosigkeit, f\u00fcr die Vorurteilslosigkeit im \u00f6ffentlichen Geschehen. Niemand darf das Recht f\u00fcr sich beanspruchen, f\u00fcr andere zu sprechen und das auch noch mit der Macht verquickt, und das auch noch unter Androhung von kulturfeindlichen Aktionen (Arbeitsplatzverlust). Die Demokratie und die archaische Gewaltherrschaft unterscheiden sich in der Handhabung der Rede und der Texterzeugnisse in der Polis. Schon die \u00dcberschrift hat es in sich. Es wird ein sogenannter <em>&#8220;Realit\u00e4tssinn&#8221;<\/em> behauptet, der nur rudiment\u00e4r vorhanden sein kann. Gefunden wird er in den systemkritischen \u00c4u\u00dferungen der Spazierg\u00e4nger-innen von der PEGIDA. Dem allgemeinen Begriff <em>&#8220;Realit\u00e4tssinn&#8221;<\/em> kann von au\u00dfen nur ein selbst gestricktes Modell als das Besondere, welches dann noch selbst kritisiert wird, untergeschoben werden. Wer hat hier ein Problem mit der Wirklichkeit? Die Wirklichkeit gibt es nur f\u00fcr naive Realisten, welche den inhaltsleeren positiven Begriff <em>&#8220;Realit\u00e4tssinn&#8221;<\/em> mit den zuf\u00e4lligen Wahrnehmungen oder auch ideologisch vorgepr\u00e4gten Inhalten verwechseln. Selbstverst\u00e4ndlich darf wie jeder Mensch auch ein Andersdenkender die Welterscheinungen so interpretieren, wie er es auf Grund seiner Erfahrungen selber will und diese Urteile bar jeder Selbstzensur auch in der Agora dem Publikum mitteilen. Nennen Sie mir doch einen Menschen, der nicht in einer<em> &#8220;eigenen, unzug\u00e4nglichen Welt&#8221;<\/em> lebt! Sie werden keinen finden! Der Lohnschreiber hat das von Kant geforderte &#8220;Sapere aude&#8221; auf diese Weise umgeschrieben: <em>&#8220;Voller Stolz nehmen sie aus der Flut der Informationen nur das auf, was den Filter ihrer Vorurteile durchlaufen hat.&#8221;<\/em> Unbequemes erkenntnisgeleitetes Handeln wird als pr\u00e4judikativ verleumdet. Das Selbstdenken wird mit \u00dcberheblichkeit in Verbindung gebracht, geht&#8217;s noch. Das demokratische Recht der freien Wahl der im Lebensmittelpunkt vorgefundenen Inhalte und ihre wissenschaftliche Bearbeitung in der Unterscheidung durch die Entelechie ist verst\u00e4ndlicherweise im Denken totalit\u00e4rer Machthaber und der abh\u00e4ngigen Presse ein verabscheuungsw\u00fcrdiger Widerstand gegen die Einfl\u00fcsterungen des Wahrheitsministeriums.<br \/>\n_________________________<br \/>\n1) Sie befinden sich hier im sakralen (essayistischen, romantischen) Selbstrekrutierungsbereich von Neu-Weimar. Kommentare probeweise erw\u00fcnscht. Im Zuge der eingeleiteten Volxfront-Aktivit\u00e4t durch die verantwortliche poetologische Evidenz wird zur Erleicherung der Vernetzung diese Funktion vorl\u00e4ufig eingeschaltet. Fassen Sie sich bitte kurz. Achten Sie auf H\u00f6flichkeit, Sachlichkeit und Erkenntniskunst.<br \/>\n2) Eine f\u00fcr alle Menschen gleiche, und auch gleichbleibende Realit\u00e4t, die je nach Auffassungsgabe mehr oder weniger lediglich abgebildet w\u00fcrde und die von angeblich objektiven Instanzen schn\u00f6de vermittelbar sei, ist eine obsz\u00f6ne Vorstellung, ist die blo\u00dfe Behauptung einer absto\u00dfenden, nackten Wahrheit. F\u00fcr die GAIA handelt es sich bei den uns pers\u00f6nlich von der G\u00f6ttin Hygieia gegebenen Welterscheinungen um verzauberte Wesen, denen sich die Entelechie nur in dankbarer Weise n\u00e4hern darf, die nur durch individuelle Vergeistigung erl\u00f6st werden wollen. Mit der Methode des evolution\u00e4ren Monismus, des objektiven Idealismus kann jenes Unternehmen gelingen.<\/p>\n","protected":false},"excerpt":{"rendered":"<p>Ihr 1) &#8220;Realit\u00e4tssinn&#8221; 2) ist doch Wahnsinn! Herr Jasper von Altenbockum, zuerst war ich sprachlos als ich Ihren Text in&#8230;<\/p>\n","protected":false},"author":1,"featured_media":0,"comment_status":"open","ping_status":"closed","sticky":false,"template":"","format":"standard","meta":{"footnotes":""},"categories":[1],"tags":[],"class_list":["post-7572","post","type-post","status-publish","format-standard","hentry","category-uncategorized"],"_links":{"self":[{"href":"https:\/\/orexis.io\/clone_gaia-essen15-11-20\/wp-json\/wp\/v2\/posts\/7572","targetHints":{"allow":["GET"]}}],"collection":[{"href":"https:\/\/orexis.io\/clone_gaia-essen15-11-20\/wp-json\/wp\/v2\/posts"}],"about":[{"href":"https:\/\/orexis.io\/clone_gaia-essen15-11-20\/wp-json\/wp\/v2\/types\/post"}],"author":[{"embeddable":true,"href":"https:\/\/orexis.io\/clone_gaia-essen15-11-20\/wp-json\/wp\/v2\/users\/1"}],"replies":[{"embeddable":true,"href":"https:\/\/orexis.io\/clone_gaia-essen15-11-20\/wp-json\/wp\/v2\/comments?post=7572"}],"version-history":[{"count":0,"href":"https:\/\/orexis.io\/clone_gaia-essen15-11-20\/wp-json\/wp\/v2\/posts\/7572\/revisions"}],"wp:attachment":[{"href":"https:\/\/orexis.io\/clone_gaia-essen15-11-20\/wp-json\/wp\/v2\/media?parent=7572"}],"wp:term":[{"taxonomy":"category","embeddable":true,"href":"https:\/\/orexis.io\/clone_gaia-essen15-11-20\/wp-json\/wp\/v2\/categories?post=7572"},{"taxonomy":"post_tag","embeddable":true,"href":"https:\/\/orexis.io\/clone_gaia-essen15-11-20\/wp-json\/wp\/v2\/tags?post=7572"}],"curies":[{"name":"wp","href":"https:\/\/api.w.org\/{rel}","templated":true}]}}