{"id":64,"date":"2024-11-15T12:38:49","date_gmt":"2024-11-15T12:38:49","guid":{"rendered":"https:\/\/orexis.io\/erste-nation\/?p=64"},"modified":"2024-11-15T22:51:24","modified_gmt":"2024-11-15T22:51:24","slug":"primat-der-asthetischen-differenz-nieder-mit-dem-biologismus","status":"publish","type":"post","link":"https:\/\/orexis.io\/erste-nation\/index.php\/2024\/11\/15\/primat-der-asthetischen-differenz-nieder-mit-dem-biologismus\/","title":{"rendered":"Primat der \u00e4sthetischen Differenz! Nieder mit dem politischen Biologismus!"},"content":{"rendered":"<p>Ares Bl\u00fcthenrein: &#8220;Nazis, also Sozialfaschisten des ganzen Farbspektrums, die den Rechtsraum\u00a0 in ein Gehege lebendiger Klone missbr\u00e4uchlich geframt haben, definieren das Volk biologistisch! Die Wissenschaft der Biologie f\u00fchlt sich f\u00fcr den vegetativen Menschen zust\u00e4ndig, wobei seine tierische Umst\u00fclpung nicht nur dem Interesse des Arztes unterliegt. Die allgemeine Form des Vernunfttr\u00e4gers wird wissenschaftlich auch von akademisch gebildeten Heerscharen anderer Disziplinen, seien es P\u00e4dagogen, Politologen, Psychologen, Soziologen, Theologen, Therapeuten unterschiedlicher Einteilungen oder auch von nicht staatlich zertifizierten W\u00e4chtern und Heiler-innen\u00a0 der Seele f\u00fcr die Erl\u00f6sungs-Vorstellungen jener d\u00e4monisch und diabolisch verzweckt, mehr oder weniger gewaltt\u00e4tig!<\/p>\n<p>Die Metaphysik der Biologie, verstanden als die Analyse des lebendigen Menschen und seiner geistigen Kapazit\u00e4t, des Verstandes und seiner subjektiven Gegenspielerin, die Vorstellung ist die soziale Arbeitsgrundlage aller Mitgestalter-innen des Gemeinwesens, die f\u00fcr sich das unkontrollierte Recht des St\u00e4rkeren (Liberalismus) in Anspruch nehmen und es denjenigen verweigern, die dessen Exekution von der Wohlfahrt der Kulturgemeinde, von der Zielrichtung der Menschheitsentwicklung abh\u00e4ngig machen! Es gibt also 3 Volkskategorien Befehls-Empf\u00e4ngerinnen, Gewaltherrscher-innen und Kunstrevolution\u00e4re. Wie soll nun eine vierte Einrichtung garantieren, dass die \u00e4sthetische Differenz, die Wahrheit vollzogen wird? 1)<\/p>\n<p>In der n\u00e4chsten Kultur-Epoche kann zwar nicht auf das Macht-Dispositiv (Foucault) verzichtet werden, doch wird dieses nicht sich selbst unkontrolliert von dem durch jenes beherrschten Kulturvolkes \u00fcberlassen! Die Biologie, die Existenzbehauptung muss ihre Macht mit der gleichzeitig verk\u00f6rperten transzendentalen Individualit\u00e4t teilen und deren F\u00fchrung durch den dichtenden Eros akzeptieren, der durch die G\u00f6ttin Aphrodite und den Gott Ares auf dem Erdenplan hervorgebracht wird!&#8221;<\/p>\n<p>___________<\/p>\n<p>1) Die \u00e4sthetische Differenz ist der bedeutungsgebende Unterschied, der subjektive Aspekt auf das Ding, auf die dem kategorischen Imperativ (Kant) entsprechenden Weltlage, der von der totalexistierenden, geistig absolut freien Individualit\u00e4t, welche sich die freie Wahl in der Kontingenz nicht nehmen l\u00e4sst, progressiv universalpoetisch (Friedrich Schlegel) permanent sozial-plastisch durch eine kunstrevolution\u00e4re Intervention des Politen in der BRD-Matrix aktiviert wird!<\/p>\n<p>Die Erkenntnis-Arbeit am Symbol f\u00fchrt zwar zu einer Imagination, die aber strategisch von der verk\u00f6rperten Idee, der ganzheitlichen Wahrheit, der \u00e4sthetischen Differenz eigener Art nie losgel\u00f6st agiert, wenn das transzendentale Ich seiner Identifikation mit seiner Intuition, die das Wollen der G\u00f6ttin Athene darstellt, felsenfest erkenntnismutig treu bleibt!<\/p>\n<p>Henryk Dykier. Copyright (C)! Alle Rechte vorbehalten!<\/p>\n","protected":false},"excerpt":{"rendered":"<p>Ares Bl\u00fcthenrein: &#8220;Nazis, also Sozialfaschisten des ganzen Farbspektrums, die den Rechtsraum\u00a0 in ein Gehege lebendiger Klone missbr\u00e4uchlich geframt haben, definieren das Volk biologistisch! Die Wissenschaft der Biologie f\u00fchlt sich f\u00fcr den vegetativen Menschen zust\u00e4ndig, wobei seine tierische Umst\u00fclpung nicht nur &hellip; <a href=\"https:\/\/orexis.io\/erste-nation\/index.php\/2024\/11\/15\/primat-der-asthetischen-differenz-nieder-mit-dem-biologismus\/\">Continue reading <span class=\"meta-nav\">&rarr;<\/span><\/a><\/p>\n","protected":false},"author":1,"featured_media":0,"comment_status":"open","ping_status":"closed","sticky":false,"template":"","format":"standard","meta":{"advanced_seo_description":"","jetpack_seo_html_title":"","jetpack_seo_noindex":false,"footnotes":""},"categories":[1],"tags":[],"class_list":["post-64","post","type-post","status-publish","format-standard","hentry","category-uncategorized"],"jetpack_featured_media_url":"","jetpack-related-posts":[],"jetpack_sharing_enabled":true,"jetpack_likes_enabled":true,"_links":{"self":[{"href":"https:\/\/orexis.io\/erste-nation\/index.php\/wp-json\/wp\/v2\/posts\/64","targetHints":{"allow":["GET"]}}],"collection":[{"href":"https:\/\/orexis.io\/erste-nation\/index.php\/wp-json\/wp\/v2\/posts"}],"about":[{"href":"https:\/\/orexis.io\/erste-nation\/index.php\/wp-json\/wp\/v2\/types\/post"}],"author":[{"embeddable":true,"href":"https:\/\/orexis.io\/erste-nation\/index.php\/wp-json\/wp\/v2\/users\/1"}],"replies":[{"embeddable":true,"href":"https:\/\/orexis.io\/erste-nation\/index.php\/wp-json\/wp\/v2\/comments?post=64"}],"version-history":[{"count":10,"href":"https:\/\/orexis.io\/erste-nation\/index.php\/wp-json\/wp\/v2\/posts\/64\/revisions"}],"predecessor-version":[{"id":74,"href":"https:\/\/orexis.io\/erste-nation\/index.php\/wp-json\/wp\/v2\/posts\/64\/revisions\/74"}],"wp:attachment":[{"href":"https:\/\/orexis.io\/erste-nation\/index.php\/wp-json\/wp\/v2\/media?parent=64"}],"wp:term":[{"taxonomy":"category","embeddable":true,"href":"https:\/\/orexis.io\/erste-nation\/index.php\/wp-json\/wp\/v2\/categories?post=64"},{"taxonomy":"post_tag","embeddable":true,"href":"https:\/\/orexis.io\/erste-nation\/index.php\/wp-json\/wp\/v2\/tags?post=64"}],"curies":[{"name":"wp","href":"https:\/\/api.w.org\/{rel}","templated":true}]}}