{"id":182,"date":"2014-05-29T10:39:17","date_gmt":"2014-05-29T10:39:17","guid":{"rendered":"http:\/\/evolutionscafe.de\/?p=182"},"modified":"2026-02-13T09:53:21","modified_gmt":"2026-02-13T09:53:21","slug":"der-prinz-hat-schneewittchen-wachgekust","status":"publish","type":"post","link":"https:\/\/orexis.io\/evolutionscafe\/?p=182","title":{"rendered":"Der Prinz hat Schneewittchen wachgek\u00fcsst!"},"content":{"rendered":"<p>(011) <strong>Attribut: Wachkuss<\/strong><\/p>\n<hr \/>\n<p><strong>Zusammenfassung<\/strong><br \/>\nDieser Text nutzt das Motiv des\u00a0<strong>erl\u00f6senden Wachkusses<\/strong>\u00a0aus dem M\u00e4rchen, um die\u00a0<strong>Entwicklung der menschlichen Individualit\u00e4t<\/strong>\u00a0und die Entfaltung der Seele zu feiern. Der Autor beschreibt den Prozess, in dem ein zuvor verschlossenes oder einf\u00e4ltiges Wesen zu einer\u00a0<strong>k\u00f6niglichen Haltung<\/strong>\u00a0erwacht, die von gegenseitigem Respekt und<\/p>\n<hr \/>\n<p style=\"text-align: center;\"><strong>Video des poetologischen Fragmentes im Stil einer Rezension<br \/>\n<\/strong>Erst der Wachkuss weckt wahre Individualit\u00e4t<\/p>\n<audio class=\"wp-audio-shortcode\" id=\"audio-182-1\" preload=\"none\" style=\"width: 100%;\" controls=\"controls\"><source type=\"audio\/mpeg\" src=\"https:\/\/orexis.io\/evolutionscafe\/wp-content\/uploads\/2014\/05\/011-Erst_der_Wachkuss_weckt_wahre_Individualitat.m4a?_=1\" \/><a href=\"https:\/\/orexis.io\/evolutionscafe\/wp-content\/uploads\/2014\/05\/011-Erst_der_Wachkuss_weckt_wahre_Individualitat.m4a\">https:\/\/orexis.io\/evolutionscafe\/wp-content\/uploads\/2014\/05\/011-Erst_der_Wachkuss_weckt_wahre_Individualitat.m4a<\/a><\/audio>\n<hr \/>\n<p>h\u00f6chster Tugend gepr\u00e4gt ist. Dieser innere Wandel wird als eine\u00a0<strong>lebenslange Gemeinschaft<\/strong>\u00a0dargestellt, die den Herausforderungen des irdischen Daseins gemeinsam begegnet. Schlie\u00dflich dient das Fragment als Einladung, diese\u00a0<strong>kulturelle und ethische Wiedergeburt<\/strong>\u00a0im Rahmen verschiedener festlicher Veranstaltungen kollektiv zu zelebrieren.<\/p>\n<hr \/>\n<p style=\"text-align: center;\"><strong>Poetologisches Fragment<br \/>\n<\/strong>Die erwachte Individualit\u00e4t: Eine M\u00e4rchenethik<\/p>\n<p><em>Faust:<\/em> &#8220;Der Dummling hat sie gekriegt, wie sch\u00f6n. Aus dem tumben, &#8216;teutschen&#8217; Michel, der verschlossenen &#8216;teutschen&#8217; Michelina, ist der Prinz, die Prinzessin geworden. Nie<!--more--> wieder werden sie allein sein, denn bis an das Ende aller Tage werden sie gemeinsam die<\/p>\n<hr \/>\n<p style=\"text-align: center;\"><strong>Video des poetologischen Fragmentes im Stil einer Rezension<\/strong><\/p>\n<div style=\"width: 640px;\" class=\"wp-video\"><video class=\"wp-video-shortcode\" id=\"video-182-1\" width=\"640\" height=\"360\" preload=\"metadata\" controls=\"controls\"><source type=\"video\/mp4\" src=\"https:\/\/orexis.io\/evolutionscafe\/wp-content\/uploads\/2014\/05\/011-Schneewittchens_Wachkuss.mp4?_=1\" \/><a href=\"https:\/\/orexis.io\/evolutionscafe\/wp-content\/uploads\/2014\/05\/011-Schneewittchens_Wachkuss.mp4\">https:\/\/orexis.io\/evolutionscafe\/wp-content\/uploads\/2014\/05\/011-Schneewittchens_Wachkuss.mp4<\/a><\/video><\/div>\n<hr \/>\n<p>Abenteuer der irdischen Verwicklungen bestehen. Genau so verl\u00e4uft die immer wieder spannend zu lesende Geschichte der Individualit\u00e4t. Und es ist keine gemeine L\u00fcge, es ist wahr! Die Freude \u00fcber diese wiedergefundene seelische Attit\u00fcde, wo die h\u00f6chste Arete, sich gegenseitig wie eine K\u00f6nigin und ein K\u00f6nig zu behandeln, Wirklichkeit wird, wollen wir gerne in den Dionysien (Festspielen), im Museion, am Ethikabend und zum Kulturfr\u00fchst\u00fcck mit Ihnen teilen.&#8221; (wird fortgesetzt)<\/p>\n<p><em>Henryk Dykier.<\/em> Copyright (C). Alle Rechte ohne Ausnahmen vorbehalten!<br \/>\n_________________________<br \/>\n<strong>\u00c4nderungen<\/strong><br \/>\n*1) (12\/02\/26) Es wurde eine Urheber-Zeile eingef\u00fcgt.<br \/>\n*2) (12\/02\/26) Die Sprecher-Instanz wurde dem Fragment vorangestellt.<br \/>\n*3) (12\/02\/26) Aus &#8216;Wachku\u00df&#8217; wurde &#8216;Wachkuss&#8217;.<\/p>\n","protected":false},"excerpt":{"rendered":"<p>(011) Attribut: Wachkuss Zusammenfassung Dieser Text nutzt das Motiv des\u00a0erl\u00f6senden Wachkusses\u00a0aus dem M\u00e4rchen, um die\u00a0Entwicklung der menschlichen Individualit\u00e4t\u00a0und die Entfaltung der Seele zu feiern. Der Autor beschreibt den Prozess, in dem ein zuvor verschlossenes oder einf\u00e4ltiges Wesen zu einer\u00a0k\u00f6niglichen Haltung\u00a0erwacht, &hellip; <a href=\"https:\/\/orexis.io\/evolutionscafe\/?p=182\">Continue reading <span class=\"meta-nav\">&rarr;<\/span><\/a><\/p>\n","protected":false},"author":2,"featured_media":0,"comment_status":"closed","ping_status":"closed","sticky":false,"template":"","format":"standard","meta":{"footnotes":""},"categories":[1],"tags":[],"class_list":["post-182","post","type-post","status-publish","format-standard","hentry","category-uncategorized"],"_links":{"self":[{"href":"https:\/\/orexis.io\/evolutionscafe\/index.php?rest_route=\/wp\/v2\/posts\/182","targetHints":{"allow":["GET"]}}],"collection":[{"href":"https:\/\/orexis.io\/evolutionscafe\/index.php?rest_route=\/wp\/v2\/posts"}],"about":[{"href":"https:\/\/orexis.io\/evolutionscafe\/index.php?rest_route=\/wp\/v2\/types\/post"}],"author":[{"embeddable":true,"href":"https:\/\/orexis.io\/evolutionscafe\/index.php?rest_route=\/wp\/v2\/users\/2"}],"replies":[{"embeddable":true,"href":"https:\/\/orexis.io\/evolutionscafe\/index.php?rest_route=%2Fwp%2Fv2%2Fcomments&post=182"}],"version-history":[{"count":8,"href":"https:\/\/orexis.io\/evolutionscafe\/index.php?rest_route=\/wp\/v2\/posts\/182\/revisions"}],"predecessor-version":[{"id":482,"href":"https:\/\/orexis.io\/evolutionscafe\/index.php?rest_route=\/wp\/v2\/posts\/182\/revisions\/482"}],"wp:attachment":[{"href":"https:\/\/orexis.io\/evolutionscafe\/index.php?rest_route=%2Fwp%2Fv2%2Fmedia&parent=182"}],"wp:term":[{"taxonomy":"category","embeddable":true,"href":"https:\/\/orexis.io\/evolutionscafe\/index.php?rest_route=%2Fwp%2Fv2%2Fcategories&post=182"},{"taxonomy":"post_tag","embeddable":true,"href":"https:\/\/orexis.io\/evolutionscafe\/index.php?rest_route=%2Fwp%2Fv2%2Ftags&post=182"}],"curies":[{"name":"wp","href":"https:\/\/api.w.org\/{rel}","templated":true}]}}