{"id":15991,"date":"2013-05-18T15:35:47","date_gmt":"2013-05-18T15:35:47","guid":{"rendered":"http:\/\/gaia-essen.de\/?p=1115"},"modified":"2013-05-18T15:35:47","modified_gmt":"2013-05-18T15:35:47","slug":"diktatur-des-allgemeinen-waz-schreiber-jens-dirksen-zur-ziegelstein-biographie-von-riegel-ich-glaube-mein-schwein-pfeift-2","status":"publish","type":"post","link":"https:\/\/orexis.io\/gaia-essen\/diktatur-des-allgemeinen-waz-schreiber-jens-dirksen-zur-ziegelstein-biographie-von-riegel-ich-glaube-mein-schwein-pfeift-2\/","title":{"rendered":"Diktatur des Allgemeinen: WAZ &#8211; Schreiber Jens Dirksen zur Biographie von Riegel \u00fcber Beuys. Ich glaube, mein Schwein pfeift! (mit Video)"},"content":{"rendered":"<p>Typisch WAZ, vermeintlich kritisch, das selbstgerechte Allgemeine gegen das erfahrungsges\u00e4ttigte Besondere ausspielend, linkspropagandistisch negativ konnotierende Begriffe suchend, die Ideale des politischen Gegners mit Schmutz bewerfend, antagonistisch die Polis zersetzend. Eben sektenhaftes Gebaren. Ja, so kennen wir sie, die keinen Respekt vor den Leistungen anderer haben und ihr eigenes kleines Licht dadurch relativ vergr\u00f6\u00dfern wollen, indem sie das des anderen verdunkeln. Was sich der sogenannte Journalist hier erlaubt ist Blasphemie und mu\u00df auch dementsprechend \u00f6ffentlich gebrandmarkt werden. Der Artikel in der Waz vom 18\/05\/13 unter der \u00dcberschrift &#8220;Beulen im Bild von Beuys&#8221; ist genau so wie das Buch von Riegel eine einzige Ha\u00dfpredigt gegen den bis jetzt letzten Hauptdarsteller der geistig absolut freien Individualit\u00e4t der Goethe &#8211; Linie \u00fcber Nietzsche und Rudolf Steiner. Der Artikel besch\u00e4ftigt sich haupts\u00e4chlich damit, das lebendige Kunstwerk Beuys von seinen von ihm abgetrennten Installationen auf angebliche Verfehlungen hin moralinsauer zu untersuchen, nicht verstehend, da\u00df diese geistige poetologische Evidenz, ihre pers\u00f6nliche rein irdische Entwicklungsgeschichte und ihre sozialplastische Praxis ein untrennbares Ganzes bilden. Joseph Beuys kam wie Goethe aus Neu &#8211; Weimar, um den Menschen den Weg zur Wahrheit durch das eigene Martyrium aufzuzeigen. Linksreaktion\u00e4re, christlich &#8211; s\u00e4kulare Sektierer denken das Allgemeine als wesenhaftes Sein. Nein, nur das Eidos des Besonderen ist wahrhaft und wirklich zugleich. Ich sch\u00e4me mich fremd f\u00fcr diesen ehrverletzenden Text, in dessen Mitte Beuys ohne Hut wie ein Verbrecher vor dem Richter plaziert wird, f\u00fcr die herabw\u00fcrdigende Abtrennung der Kunstobjekte von dem K\u00fcnstler und f\u00fcr die \u00fcberhebliche und kleinkarierte Beschreibung der letzten gro\u00dfen geisteswissenschaftlichen Bewegung zur Wiederherstellung einer neuen katholischen Bewegung auf einem h\u00f6heren Plateau der Evolution, der Anthroposophie, deren Anh\u00e4nger Beuys wohl zurecht war. Es folgt seine letzte Ansprache mit dem Titel &#8220;Dank an Wilhelm Lehmbruck&#8221;.<br \/>\n<iframe loading=\"lazy\" src=\"\/\/www.youtube.com\/embed\/oNqgNz8biM8\" frameborder=\"0\" width=\"420\" height=\"315\"><\/iframe><\/p>\n","protected":false},"excerpt":{"rendered":"<p>Typisch WAZ, vermeintlich kritisch, das selbstgerechte Allgemeine gegen das erfahrungsges\u00e4ttigte Besondere ausspielend, linkspropagandistisch negativ konnotierende Begriffe suchend, die Ideale des&#8230;<\/p>\n","protected":false},"author":1,"featured_media":0,"comment_status":"closed","ping_status":"closed","sticky":false,"template":"","format":"standard","meta":{"footnotes":""},"categories":[1260,772,152,269,352,2970,2977,475,2979,56,436,95,27,122,832,2237,2982,2984],"tags":[1277,773,931,1668,2524,2976,2978,1077,2980,2981,635,983,654,2487,2238,2983,2985],"class_list":["post-15991","post","type-post","status-publish","format-standard","hentry","category-anthroposophie","category-blasphemie","category-eidos","category-evolution","category-geistig-absolut-freie-individualitat","category-hans-peter-riegel","category-haspredigt","category-joseph-beuys","category-katholizismus","category-martyrium","category-neu-weimar","category-nietzsche","category-rudolf-steiner","category-soziale-plastik","category-videobeitrag","category-waz","category-wilhelm-lehmbruck","category-ziegelstein-biographie","tag-anthroposophie","tag-blasphemie","tag-eidos-2","tag-evolution","tag-geistig-absolut-freie-individualitat","tag-hanns-peter-riegel","tag-haspredigt","tag-joseph-beuys","tag-katholizismus","tag-martyrium","tag-neu-weimar","tag-nietzsche","tag-soziale-plastik","tag-videobeitrag","tag-waz","tag-wilhelm-lehmbruck","tag-ziegelstein-biographie"],"_links":{"self":[{"href":"https:\/\/orexis.io\/gaia-essen\/wp-json\/wp\/v2\/posts\/15991","targetHints":{"allow":["GET"]}}],"collection":[{"href":"https:\/\/orexis.io\/gaia-essen\/wp-json\/wp\/v2\/posts"}],"about":[{"href":"https:\/\/orexis.io\/gaia-essen\/wp-json\/wp\/v2\/types\/post"}],"author":[{"embeddable":true,"href":"https:\/\/orexis.io\/gaia-essen\/wp-json\/wp\/v2\/users\/1"}],"replies":[{"embeddable":true,"href":"https:\/\/orexis.io\/gaia-essen\/wp-json\/wp\/v2\/comments?post=15991"}],"version-history":[{"count":0,"href":"https:\/\/orexis.io\/gaia-essen\/wp-json\/wp\/v2\/posts\/15991\/revisions"}],"wp:attachment":[{"href":"https:\/\/orexis.io\/gaia-essen\/wp-json\/wp\/v2\/media?parent=15991"}],"wp:term":[{"taxonomy":"category","embeddable":true,"href":"https:\/\/orexis.io\/gaia-essen\/wp-json\/wp\/v2\/categories?post=15991"},{"taxonomy":"post_tag","embeddable":true,"href":"https:\/\/orexis.io\/gaia-essen\/wp-json\/wp\/v2\/tags?post=15991"}],"curies":[{"name":"wp","href":"https:\/\/api.w.org\/{rel}","templated":true}]}}