{"id":8151,"date":"2015-02-27T15:08:29","date_gmt":"2015-02-27T15:08:29","guid":{"rendered":"http:\/\/gaia-essen.de\/?p=8151"},"modified":"2015-02-27T15:08:29","modified_gmt":"2015-02-27T15:08:29","slug":"herr-herrmann-grohe-die-geballte-kompetenz-sachen-impfpraxis","status":"publish","type":"post","link":"https:\/\/orexis.io\/gaia-essen\/herr-herrmann-grohe-die-geballte-kompetenz-sachen-impfpraxis\/","title":{"rendered":"Herr Herrmann Gr\u00f6he, die geballte Kompetenz in Sachen Impfpraxis!"},"content":{"rendered":"<p>Du sagst, da\u00df es kein Grundrecht auf die Ansteckung anderer g\u00e4be und da\u00df der einzelne B\u00fcrger zum Schutz des Kollektives zwangsweise geimpft werden m\u00fcsse. Was sind das f\u00fcr Aussagen in dem sogenannten Nachrichtenblatt aus Hamburg? Nein, das BRD-Regime ist nicht mehr nur die Vorh\u00f6lle, sonder schon die H\u00f6lle selbst! Wer sch\u00fctzt das universelle Goethevolk in Deutschland vor den anti-politischen Versagern? Schon Hegel griff die naiven Realisten scharf an! Herrmann, mu\u00df die GAIA Dich erst aus dem Amt jagen? Der Sein-Sollens-Fehler ist Dir nicht bekannt. Dieses Unwissen entlarvt Dich als einfach denkenden Menschen. Wie kannst Du als inkompetenter Politikdarsteller solche kindischen \u00c4u\u00dferungen hinsichtlich der Impfpraxis von Dir geben? Du willst eine wissenschaftliche Kritik zugunsten von geldgeilen Lobbygruppen undemokratisch abw\u00fcrgen! Du willst mit Deiner un\u00e4sthetischen \u00c4u\u00dferung in der L\u00fcgenpresse den politisch verursachten Masernausbruch mit blanker Rhetorik zu einem Fall der Durchimpfungsrate machen, die von den von Dir beschimpften &#8220;Impfgegnern&#8221; bek\u00e4mpft wird. Warum weist Du nicht, da\u00df es viel mehr Todesf\u00e4lle, autistische Seelenhaltungen und \u00fcberhaupt Erkrankungen jeder Art in jungen und in sp\u00e4teren Jahren durch die Masernimpfung erst hervorgerufen werden, da\u00df selbst geimpfte an Masern erkranken k\u00f6nnen, da\u00df Vorerkrankungen, die durch den Lebensstil hervorgerufen werden, wie der letzte Fall in Berlin es offenlegte, eine harmlose und sinnvolle Masernerkrankung zu einer t\u00f6dliche Bedrohung werden l\u00e4\u00dft? Wer assoziative Wahrnehmungen willk\u00fcrlich unter Umgehung der Verstandesleistung (Rationalisierung) mit seinem Gewohnheitsdenken verkn\u00fcpft und diese pseudowissenschaftlichen Urteile auch noch in Gesetze gie\u00dfen will, der ist gemeingef\u00e4hrlich und mu\u00df seines Postens enthoben werden. Nieder mit dem Impfterror! Weg mit den Kulturimperialisten! Weg mit den Sondergesetzen zur Unterdr\u00fcckung der kunstreligi\u00f6sen Entelechien!<\/p>\n","protected":false},"excerpt":{"rendered":"<p>Du sagst, da\u00df es kein Grundrecht auf die Ansteckung anderer g\u00e4be und da\u00df der einzelne B\u00fcrger zum Schutz des Kollektives&#8230;<\/p>\n","protected":false},"author":1,"featured_media":0,"comment_status":"open","ping_status":"closed","sticky":false,"template":"","format":"standard","meta":{"footnotes":""},"categories":[1],"tags":[],"class_list":["post-8151","post","type-post","status-publish","format-standard","hentry","category-uncategorized"],"_links":{"self":[{"href":"https:\/\/orexis.io\/gaia-essen\/wp-json\/wp\/v2\/posts\/8151","targetHints":{"allow":["GET"]}}],"collection":[{"href":"https:\/\/orexis.io\/gaia-essen\/wp-json\/wp\/v2\/posts"}],"about":[{"href":"https:\/\/orexis.io\/gaia-essen\/wp-json\/wp\/v2\/types\/post"}],"author":[{"embeddable":true,"href":"https:\/\/orexis.io\/gaia-essen\/wp-json\/wp\/v2\/users\/1"}],"replies":[{"embeddable":true,"href":"https:\/\/orexis.io\/gaia-essen\/wp-json\/wp\/v2\/comments?post=8151"}],"version-history":[{"count":0,"href":"https:\/\/orexis.io\/gaia-essen\/wp-json\/wp\/v2\/posts\/8151\/revisions"}],"wp:attachment":[{"href":"https:\/\/orexis.io\/gaia-essen\/wp-json\/wp\/v2\/media?parent=8151"}],"wp:term":[{"taxonomy":"category","embeddable":true,"href":"https:\/\/orexis.io\/gaia-essen\/wp-json\/wp\/v2\/categories?post=8151"},{"taxonomy":"post_tag","embeddable":true,"href":"https:\/\/orexis.io\/gaia-essen\/wp-json\/wp\/v2\/tags?post=8151"}],"curies":[{"name":"wp","href":"https:\/\/api.w.org\/{rel}","templated":true}]}}