{"id":8277,"date":"2015-03-16T20:15:18","date_gmt":"2015-03-16T20:15:18","guid":{"rendered":"http:\/\/gaia-essen.de\/?p=8277"},"modified":"2015-03-16T20:15:18","modified_gmt":"2015-03-16T20:15:18","slug":"marsch-der-armen-demnachst-der-stadt-essen","status":"publish","type":"post","link":"https:\/\/orexis.io\/gaia-essen\/marsch-der-armen-demnachst-der-stadt-essen\/","title":{"rendered":"&#8220;Marsch der Armen&#8221;, demn\u00e4chst in der Stadt Essen"},"content":{"rendered":"<p>Die naturwirkliche W\u00e4hlergruppe &#8220;Mehr Netto &#8211; Mehr Freiheit&#8221; wird am kommenden Samstag in der Zeit von 11 &#8211; 13 Uhr von dem Sprecher der transzendentalen W\u00e4hlergruppe von Neu-Weimar vorgestellt. Da das Geld gleichzeitig auch die Eigenschaft des Rechtes besitzt, die B\u00fcrger-in also zur Teilnahme am sozialen Leben nur dann f\u00e4hig ist, wenn sie davon gen\u00fcgend ihr eigen nennen kann, sie auch zur Entwicklung ihrer Pers\u00f6nlickeit davon ausreichend besitzen mu\u00df, ist es selbstverst\u00e4ndlich die vornehmste Aufgabe eines funktionsf\u00e4higen Staates, einer dem Wesen des Menschen entsprechenden Polis, von ihr durch eine ma\u00dfvolle Steuer- und Abgabenpolitik entweder nur wenig davon zu verlangen oder ihr von den gemeinschaftlich erwirtschafteten Ressourcen den gerechten Anteil zukommen zu lassen. Sie wissen aber nicht nur, sie haben es schon l\u00e4ngst erkannt, da\u00df das Goethevolk keinen nat\u00fcrlichen Staat mehr vorfindet, sondern einer Kolonialbeh\u00f6rde untertan ist, mit allen Folgen, die diese Herrschaft mit sich bringt, vor allem Apartheid, Armut, Bildungsverfall, Folter, Genozid, Konzentrationslager, Krankheit, Kulturimperialismus, Sklaverei und Ungerechtigkeit. K\u00e4mpfen Sie mit uns zuerst lokal gegen die weitere Verarmung in der Stadt Essen und dann bundesweit! Nieder mit der Kompradorenbourgoisie! F\u00fcr ein Leben ohne Zwangsarbeit und in W\u00fcrde im Alter! Solidarisieren wir uns zuerst mit denen, die f\u00fcr alle B\u00fcrger-innen von Mitteleuropa Deutschland aufgebaut haben!<\/p>\n","protected":false},"excerpt":{"rendered":"<p>Die naturwirkliche W\u00e4hlergruppe &#8220;Mehr Netto &#8211; Mehr Freiheit&#8221; wird am kommenden Samstag in der Zeit von 11 &#8211; 13 Uhr&#8230;<\/p>\n","protected":false},"author":1,"featured_media":0,"comment_status":"open","ping_status":"closed","sticky":false,"template":"","format":"standard","meta":{"footnotes":""},"categories":[1],"tags":[],"class_list":["post-8277","post","type-post","status-publish","format-standard","hentry","category-uncategorized"],"_links":{"self":[{"href":"https:\/\/orexis.io\/gaia-essen\/wp-json\/wp\/v2\/posts\/8277","targetHints":{"allow":["GET"]}}],"collection":[{"href":"https:\/\/orexis.io\/gaia-essen\/wp-json\/wp\/v2\/posts"}],"about":[{"href":"https:\/\/orexis.io\/gaia-essen\/wp-json\/wp\/v2\/types\/post"}],"author":[{"embeddable":true,"href":"https:\/\/orexis.io\/gaia-essen\/wp-json\/wp\/v2\/users\/1"}],"replies":[{"embeddable":true,"href":"https:\/\/orexis.io\/gaia-essen\/wp-json\/wp\/v2\/comments?post=8277"}],"version-history":[{"count":0,"href":"https:\/\/orexis.io\/gaia-essen\/wp-json\/wp\/v2\/posts\/8277\/revisions"}],"wp:attachment":[{"href":"https:\/\/orexis.io\/gaia-essen\/wp-json\/wp\/v2\/media?parent=8277"}],"wp:term":[{"taxonomy":"category","embeddable":true,"href":"https:\/\/orexis.io\/gaia-essen\/wp-json\/wp\/v2\/categories?post=8277"},{"taxonomy":"post_tag","embeddable":true,"href":"https:\/\/orexis.io\/gaia-essen\/wp-json\/wp\/v2\/tags?post=8277"}],"curies":[{"name":"wp","href":"https:\/\/api.w.org\/{rel}","templated":true}]}}